{"id":6543,"date":"2019-11-20T20:07:36","date_gmt":"2019-11-20T19:07:36","guid":{"rendered":"http:\/\/jugend.ufra-schach.de\/?p=6543"},"modified":"2019-11-20T20:13:47","modified_gmt":"2019-11-20T19:13:47","slug":"kreisjugendeinzelmeisterschaften-hassberge-rhoen-schweinfurt-17-11-2019","status":"publish","type":"post","link":"https:\/\/jugend.ufra-schach.de\/index.php\/2019\/11\/20\/kreisjugendeinzelmeisterschaften-hassberge-rhoen-schweinfurt-17-11-2019\/","title":{"rendered":"Kreisjugendeinzelmeisterschaften Ha\u00dfberge\/Rh\u00f6n, Schweinfurt, 17.11.2019"},"content":{"rendered":"<p><a href=\"https:\/\/jugend.ufra-schach.de\/index.php\/meisterschaften\/meisterschaften-2019-2020\/kreis-einzelmeisterschaften-2019-2020\/\">Ergebnisse Kreisjugendeinzelmeisterschaften Ha\u00dfberge\/Rh\u00f6n<\/a><\/p>\n<figure id=\"attachment_6542\" aria-describedby=\"caption-attachment-6542\" style=\"width: 276px\" class=\"wp-caption alignnone\"><a href=\"https:\/\/jugend.ufra-schach.de\/wp-content\/uploads\/2019\/11\/2019-11-17_KJEM_HaR_Spielsaal.jpg\"><img loading=\"lazy\" decoding=\"async\" src=\"https:\/\/jugend.ufra-schach.de\/wp-content\/uploads\/2019\/11\/2019-11-17_KJEM_HaR_Spielsaal-276x300.jpg\" alt=\"\" width=\"276\" height=\"300\" class=\"size-medium wp-image-6542\" srcset=\"https:\/\/jugend.ufra-schach.de\/wp-content\/uploads\/2019\/11\/2019-11-17_KJEM_HaR_Spielsaal-276x300.jpg 276w, https:\/\/jugend.ufra-schach.de\/wp-content\/uploads\/2019\/11\/2019-11-17_KJEM_HaR_Spielsaal.jpg 642w\" sizes=\"auto, (max-width: 276px) 100vw, 276px\" \/><\/a><figcaption id=\"caption-attachment-6542\" class=\"wp-caption-text\">Blick in den Spielsaal der Spinnm\u00fchle (1. Etage), Gutermann-Promenade 1, 97421 Schweinfurt.<br \/><\/figcaption><\/figure>\n<p>Geringe Teilnehmeresonanz \u2013 Eindeutige Gruppensieger<br \/>\nKamen im letzten Jahr nur desastr\u00f6se 17 Teilnehmer nach Bad Kissingen, so fanden sich dieses Mal immerhin 28 Teilnehmer in Schweinfurt ein, wobei wieder die u18 entfallen musste. Schweinfurt steigerte seine Teilnehmerzahl von 11 auf 19, d.h. die \u00fcbrigen 6 Vereine (Bergrheinfeld, Trappstadt, Zeil je 2 TN, Bad K\u00f6nigshofen, Bad Kissingen, M\u00fcnnerstadt je 1 TN) stellten nur noch 9 statt 10 TN.<!--more--><\/p>\n<p>In der u10 marschierten die Schweinfurter D\u00fctsch-Br\u00fcder souver\u00e4n durch; mit 9 aus 9 gewann Hannes vor Kilian. Den dritten Pokal sicherte sich mit 6 Punkten Marco Masar (Bergrheinfeld) dank besserer Feinwertung vor Fredrik Niedermaier. Bestes M\u00e4dchen wurde Daria Dreana-Ianciu (SW) mit 3 Punkten.<br \/>\nIn der u12 marschierte Linus Schalkh\u00e4user (SW) mit 7 aus 7 durch. Vize-Meister wurde Georgios Petridis (TSV Bad Kissingen) mit 5,5 Punkten. David Valean (SW), in der letzten Saison Unterfr\u00e4nkischer Vize-Meister der u10, landete auf Platz 3 mit 4,5 Punkten. Bestes M\u00e4dchen wurde Yustyna Makarchuk (Bad K\u00f6nigshofen) mit 3,5 Punkten.<br \/>\nIn der u14 marschierte David Seelmann (Zeil) mit 5 aus 5 durch. Mit je 3 Punkten sicherten sich die Schweinfurter Evgenii Alekin und Igor Bokov die weiteren Pokale. Bestes M\u00e4dchen wurde Maria Nosova (SW) mit 1,0 Punkten.<br \/>\nIn der u16 marschierte Noah Seelmann (Zeil) mit 3 aus 3 durch. Til Schneider (M\u00fcnnerstadt) und David Werner (Trappstadt) sicherten sich die weiteren Pokale.<br \/>\n<figure id=\"attachment_6538\" aria-describedby=\"caption-attachment-6538\" style=\"width: 300px\" class=\"wp-caption alignnone\"><a href=\"https:\/\/jugend.ufra-schach.de\/wp-content\/uploads\/2019\/11\/2019-11-17_KJEM_HaR_u10.jpg\"><img loading=\"lazy\" decoding=\"async\" src=\"https:\/\/jugend.ufra-schach.de\/wp-content\/uploads\/2019\/11\/2019-11-17_KJEM_HaR_u10-300x231.jpg\" alt=\"\" width=\"300\" height=\"231\" class=\"size-medium wp-image-6538\" srcset=\"https:\/\/jugend.ufra-schach.de\/wp-content\/uploads\/2019\/11\/2019-11-17_KJEM_HaR_u10-300x231.jpg 300w, https:\/\/jugend.ufra-schach.de\/wp-content\/uploads\/2019\/11\/2019-11-17_KJEM_HaR_u10.jpg 642w\" sizes=\"auto, (max-width: 300px) 100vw, 300px\" \/><\/a><figcaption id=\"caption-attachment-6538\" class=\"wp-caption-text\">U 10:\tvlnr<br \/>hinten:\tStefan Hutzler (Spielleiter Kreisjugend), Philipp Rudolf, Fredrik Nidermaier<br \/>vorne:\tMarco Masar (3.), Kilian D\u00fctsch (2.), Rene Meusert, Hannes D\u00fctsch (1.), Haralds Damme,<br \/>Daria Drean-Ianciu (1. U10w)<br \/><\/figcaption><\/figure><figure id=\"attachment_6539\" aria-describedby=\"caption-attachment-6539\" style=\"width: 300px\" class=\"wp-caption alignnone\"><a href=\"https:\/\/jugend.ufra-schach.de\/wp-content\/uploads\/2019\/11\/2019-11-17_KJEM_HaR_u12.jpg\"><img loading=\"lazy\" decoding=\"async\" src=\"https:\/\/jugend.ufra-schach.de\/wp-content\/uploads\/2019\/11\/2019-11-17_KJEM_HaR_u12-300x175.jpg\" alt=\"\" width=\"300\" height=\"175\" class=\"size-medium wp-image-6539\" srcset=\"https:\/\/jugend.ufra-schach.de\/wp-content\/uploads\/2019\/11\/2019-11-17_KJEM_HaR_u12-300x175.jpg 300w, https:\/\/jugend.ufra-schach.de\/wp-content\/uploads\/2019\/11\/2019-11-17_KJEM_HaR_u12.jpg 642w\" sizes=\"auto, (max-width: 300px) 100vw, 300px\" \/><\/a><figcaption id=\"caption-attachment-6539\" class=\"wp-caption-text\">U 12:\tvlnr Christina Gleason, Marwa Albarri, Jonas Gerull, Linus Schalkh\u00e4user (1.), Tim Gerstner,<br \/>David Valean (3.), Georgios Petridis (2.), Yustyna Makarchuk (1. U12w)<\/figcaption><\/figure><figure id=\"attachment_6540\" aria-describedby=\"caption-attachment-6540\" style=\"width: 300px\" class=\"wp-caption alignnone\"><a href=\"https:\/\/jugend.ufra-schach.de\/wp-content\/uploads\/2019\/11\/2019-11-17_KJEM_HaR_u14.jpg\"><img loading=\"lazy\" decoding=\"async\" src=\"https:\/\/jugend.ufra-schach.de\/wp-content\/uploads\/2019\/11\/2019-11-17_KJEM_HaR_u14-300x176.jpg\" alt=\"\" width=\"300\" height=\"176\" class=\"size-medium wp-image-6540\" srcset=\"https:\/\/jugend.ufra-schach.de\/wp-content\/uploads\/2019\/11\/2019-11-17_KJEM_HaR_u14-300x176.jpg 300w, https:\/\/jugend.ufra-schach.de\/wp-content\/uploads\/2019\/11\/2019-11-17_KJEM_HaR_u14.jpg 642w\" sizes=\"auto, (max-width: 300px) 100vw, 300px\" \/><\/a><figcaption id=\"caption-attachment-6540\" class=\"wp-caption-text\">U  14:\tvlnr Evgenii Alekhin (2.), David Seelmann (1.), Maria Nosova (1. U14w), Maisam Albarri,<br \/>Hannes Feichtinger, Igor Bokov (3.)<br \/><\/figcaption><\/figure><figure id=\"attachment_6541\" aria-describedby=\"caption-attachment-6541\" style=\"width: 300px\" class=\"wp-caption alignnone\"><a href=\"https:\/\/jugend.ufra-schach.de\/wp-content\/uploads\/2019\/11\/2019-11-17_KJEM_HaR_u16.jpg\"><img loading=\"lazy\" decoding=\"async\" src=\"https:\/\/jugend.ufra-schach.de\/wp-content\/uploads\/2019\/11\/2019-11-17_KJEM_HaR_u16-300x199.jpg\" alt=\"\" width=\"300\" height=\"199\" class=\"size-medium wp-image-6541\" srcset=\"https:\/\/jugend.ufra-schach.de\/wp-content\/uploads\/2019\/11\/2019-11-17_KJEM_HaR_u16-300x199.jpg 300w, https:\/\/jugend.ufra-schach.de\/wp-content\/uploads\/2019\/11\/2019-11-17_KJEM_HaR_u16-320x213.jpg 320w, https:\/\/jugend.ufra-schach.de\/wp-content\/uploads\/2019\/11\/2019-11-17_KJEM_HaR_u16.jpg 642w\" sizes=\"auto, (max-width: 300px) 100vw, 300px\" \/><\/a><figcaption id=\"caption-attachment-6541\" class=\"wp-caption-text\">U16:\tvlnr Sinan Turkut, David Werner (3.), Til Schneider (2.), Noah Seelmann (1.)<\/figcaption><\/figure><\/p>\n<p>Norbert Lukas<\/p>\n","protected":false},"excerpt":{"rendered":"<p>Ergebnisse Kreisjugendeinzelmeisterschaften Ha\u00dfberge\/Rh\u00f6n Geringe Teilnehmeresonanz \u2013 Eindeutige Gruppensieger Kamen im letzten Jahr nur desastr\u00f6se 17 Teilnehmer nach Bad Kissingen, so fanden sich dieses Mal immerhin 28 Teilnehmer in Schweinfurt ein, [&hellip;]<\/p>\n","protected":false},"author":1,"featured_media":0,"comment_status":"closed","ping_status":"closed","sticky":false,"template":"","format":"standard","meta":{"footnotes":""},"categories":[79],"tags":[95,64],"class_list":["post-6543","post","type-post","status-publish","format-standard","hentry","category-kreis-einzelmeisterschaften","tag-ergebnisse","tag-unterfraenkische-schachjugend"],"_links":{"self":[{"href":"https:\/\/jugend.ufra-schach.de\/index.php\/wp-json\/wp\/v2\/posts\/6543","targetHints":{"allow":["GET"]}}],"collection":[{"href":"https:\/\/jugend.ufra-schach.de\/index.php\/wp-json\/wp\/v2\/posts"}],"about":[{"href":"https:\/\/jugend.ufra-schach.de\/index.php\/wp-json\/wp\/v2\/types\/post"}],"author":[{"embeddable":true,"href":"https:\/\/jugend.ufra-schach.de\/index.php\/wp-json\/wp\/v2\/users\/1"}],"replies":[{"embeddable":true,"href":"https:\/\/jugend.ufra-schach.de\/index.php\/wp-json\/wp\/v2\/comments?post=6543"}],"version-history":[{"count":0,"href":"https:\/\/jugend.ufra-schach.de\/index.php\/wp-json\/wp\/v2\/posts\/6543\/revisions"}],"wp:attachment":[{"href":"https:\/\/jugend.ufra-schach.de\/index.php\/wp-json\/wp\/v2\/media?parent=6543"}],"wp:term":[{"taxonomy":"category","embeddable":true,"href":"https:\/\/jugend.ufra-schach.de\/index.php\/wp-json\/wp\/v2\/categories?post=6543"},{"taxonomy":"post_tag","embeddable":true,"href":"https:\/\/jugend.ufra-schach.de\/index.php\/wp-json\/wp\/v2\/tags?post=6543"}],"curies":[{"name":"wp","href":"https:\/\/api.w.org\/{rel}","templated":true}]}}