{"id":5089,"date":"2018-10-05T06:51:22","date_gmt":"2018-10-05T04:51:22","guid":{"rendered":"http:\/\/jugend.ufra-schach.de\/?p=5089"},"modified":"2018-10-05T06:56:11","modified_gmt":"2018-10-05T04:56:11","slug":"jugendleiter-erkrankt-dominik-schwarz-neuer-stellvertreter","status":"publish","type":"post","link":"https:\/\/jugend.ufra-schach.de\/index.php\/2018\/10\/05\/jugendleiter-erkrankt-dominik-schwarz-neuer-stellvertreter\/","title":{"rendered":"Jugendleiter erkrankt &#8212; Dominik Schwarz neuer Stellvertreter"},"content":{"rendered":"<p>Wegen einer schweren Erkrankung ist BezirksJugendLeiter (BJL) Heiko Paoli zur Zeit nicht in der Lage, seine Position auszu\u00fcben.<br \/>\nDie Aufgaben werden von anderen Schachfreunden \u00fcbernommen. Mails an <a href=\"mailto:jugendleiter@jugend.ufra-schach.de\">jugendleiter@jugend.ufra-schach.de<\/a> werden an die Vertreter weiter geleitet. Von Anrufen und Briefsendungen an seine Adresse bitten wir abzusehen.<br \/>\nUm Spieltechnisches k\u00fcmmern sich wie bisher der JugendSpielleiter Jo Helgert und die Kreisjugendleiter (Kontakt siehe USJ-Vorstandsseite). Organisatorisches und Verwaltungstechnisches bitte an seinen Stellvertreter (s.u.) und\/oder an den USV-Vorsitzenden Dr. H. Bittner.<br \/>\nDa der Stellvertreter-Posten bei der USJ seit Jahren verwaist war, wurde es durch die versch\u00e4rfte Situation dringend n\u00f6tig, dies zu \u00e4ndern. Dominik Schwarz aus Kitzingen (SC Prichsenstadt) hat sich bereit erkl\u00e4rt, diese Position zu \u00fcbernehmen (Herzlichen Dank daf\u00fcr!). Die Vorstandschaften von USJ (soweit besetzt) und USV haben sich f\u00fcr seine Berufung ausgesprochen, sie ist somit auch formell vollzogen und rechtskr\u00e4ftig. Gratulation!<br \/>\nDie KreisJugendmeisterschaften Rh\u00f6n\/Ha\u00dfberge und Mitte sind bereits ausgeschrieben, am Untermain (kein KrJL in SpU) \u00fcbernimmt der Klingenberger J\u00fcrgen Wambach heuer die Ausrichtung (Danke!).<\/p>\n<p>Wir w\u00fcnschen Heiko guten Verlauf und baldige Genesung.<\/p>\n<p>H. Bittner<\/p>\n","protected":false},"excerpt":{"rendered":"<p>Wegen einer schweren Erkrankung ist BezirksJugendLeiter (BJL) Heiko Paoli zur Zeit nicht in der Lage, seine Position auszu\u00fcben. Die Aufgaben werden von anderen Schachfreunden \u00fcbernommen. Mails an jugendleiter@jugend.ufra-schach.de werden an [&hellip;]<\/p>\n","protected":false},"author":1,"featured_media":0,"comment_status":"closed","ping_status":"closed","sticky":false,"template":"","format":"standard","meta":{"footnotes":""},"categories":[14],"tags":[64],"class_list":["post-5089","post","type-post","status-publish","format-standard","hentry","category-vorstand","tag-unterfraenkische-schachjugend"],"_links":{"self":[{"href":"https:\/\/jugend.ufra-schach.de\/index.php\/wp-json\/wp\/v2\/posts\/5089","targetHints":{"allow":["GET"]}}],"collection":[{"href":"https:\/\/jugend.ufra-schach.de\/index.php\/wp-json\/wp\/v2\/posts"}],"about":[{"href":"https:\/\/jugend.ufra-schach.de\/index.php\/wp-json\/wp\/v2\/types\/post"}],"author":[{"embeddable":true,"href":"https:\/\/jugend.ufra-schach.de\/index.php\/wp-json\/wp\/v2\/users\/1"}],"replies":[{"embeddable":true,"href":"https:\/\/jugend.ufra-schach.de\/index.php\/wp-json\/wp\/v2\/comments?post=5089"}],"version-history":[{"count":0,"href":"https:\/\/jugend.ufra-schach.de\/index.php\/wp-json\/wp\/v2\/posts\/5089\/revisions"}],"wp:attachment":[{"href":"https:\/\/jugend.ufra-schach.de\/index.php\/wp-json\/wp\/v2\/media?parent=5089"}],"wp:term":[{"taxonomy":"category","embeddable":true,"href":"https:\/\/jugend.ufra-schach.de\/index.php\/wp-json\/wp\/v2\/categories?post=5089"},{"taxonomy":"post_tag","embeddable":true,"href":"https:\/\/jugend.ufra-schach.de\/index.php\/wp-json\/wp\/v2\/tags?post=5089"}],"curies":[{"name":"wp","href":"https:\/\/api.w.org\/{rel}","templated":true}]}}