{"id":3364,"date":"2017-04-16T09:24:41","date_gmt":"2017-04-16T07:24:41","guid":{"rendered":"http:\/\/jugend.ufra-schach.de\/?p=3364"},"modified":"2017-04-16T09:24:41","modified_gmt":"2017-04-16T07:24:41","slug":"heiko-paoli-neuer-bezirks-jugendleiter","status":"publish","type":"post","link":"https:\/\/jugend.ufra-schach.de\/index.php\/2017\/04\/16\/heiko-paoli-neuer-bezirks-jugendleiter\/","title":{"rendered":"Heiko Paoli neuer Bezirks-Jugendleiter"},"content":{"rendered":"<p><a href=\"https:\/\/jugend.ufra-schach.de\/wp-content\/uploads\/2017\/04\/RSR_Paoli_Heiko.jpg\"><img loading=\"lazy\" decoding=\"async\" class=\"alignleft size-medium wp-image-3363\" src=\"https:\/\/jugend.ufra-schach.de\/wp-content\/uploads\/2017\/04\/RSR_Paoli_Heiko-227x300.jpg\" alt=\"Heiko Paoli\" width=\"227\" height=\"300\" srcset=\"https:\/\/jugend.ufra-schach.de\/wp-content\/uploads\/2017\/04\/RSR_Paoli_Heiko-227x300.jpg 227w, https:\/\/jugend.ufra-schach.de\/wp-content\/uploads\/2017\/04\/RSR_Paoli_Heiko-768x1015.jpg 768w, https:\/\/jugend.ufra-schach.de\/wp-content\/uploads\/2017\/04\/RSR_Paoli_Heiko-775x1024.jpg 775w, https:\/\/jugend.ufra-schach.de\/wp-content\/uploads\/2017\/04\/RSR_Paoli_Heiko.jpg 1000w\" sizes=\"auto, (max-width: 227px) 100vw, 227px\" \/><\/a>Heiko Paoli (K\u00f6nigsSpringer Alzenau) ist von der USV-Vorstandschaft kommissarisch zum neuen Bezirks-Jugendleiter ernannt worden.<\/p>\n<p>Der frischgebackene Schach-\u00dcbungsleiter \u00fcbernimmt die Gesch\u00e4fte von Benedikt Weikert, der im Januar aus beruflichen Gr\u00fcnden nicht mehr kandidierte.<\/p>\n","protected":false},"excerpt":{"rendered":"<p>Heiko Paoli (K\u00f6nigsSpringer Alzenau) ist von der USV-Vorstandschaft kommissarisch zum neuen Bezirks-Jugendleiter ernannt worden. Der frischgebackene Schach-\u00dcbungsleiter \u00fcbernimmt die Gesch\u00e4fte von Benedikt Weikert, der im Januar aus beruflichen Gr\u00fcnden nicht [&hellip;]<\/p>\n","protected":false},"author":1,"featured_media":0,"comment_status":"closed","ping_status":"closed","sticky":false,"template":"","format":"standard","meta":{"footnotes":""},"categories":[14],"tags":[64],"class_list":["post-3364","post","type-post","status-publish","format-standard","hentry","category-vorstand","tag-unterfraenkische-schachjugend"],"_links":{"self":[{"href":"https:\/\/jugend.ufra-schach.de\/index.php\/wp-json\/wp\/v2\/posts\/3364","targetHints":{"allow":["GET"]}}],"collection":[{"href":"https:\/\/jugend.ufra-schach.de\/index.php\/wp-json\/wp\/v2\/posts"}],"about":[{"href":"https:\/\/jugend.ufra-schach.de\/index.php\/wp-json\/wp\/v2\/types\/post"}],"author":[{"embeddable":true,"href":"https:\/\/jugend.ufra-schach.de\/index.php\/wp-json\/wp\/v2\/users\/1"}],"replies":[{"embeddable":true,"href":"https:\/\/jugend.ufra-schach.de\/index.php\/wp-json\/wp\/v2\/comments?post=3364"}],"version-history":[{"count":0,"href":"https:\/\/jugend.ufra-schach.de\/index.php\/wp-json\/wp\/v2\/posts\/3364\/revisions"}],"wp:attachment":[{"href":"https:\/\/jugend.ufra-schach.de\/index.php\/wp-json\/wp\/v2\/media?parent=3364"}],"wp:term":[{"taxonomy":"category","embeddable":true,"href":"https:\/\/jugend.ufra-schach.de\/index.php\/wp-json\/wp\/v2\/categories?post=3364"},{"taxonomy":"post_tag","embeddable":true,"href":"https:\/\/jugend.ufra-schach.de\/index.php\/wp-json\/wp\/v2\/tags?post=3364"}],"curies":[{"name":"wp","href":"https:\/\/api.w.org\/{rel}","templated":true}]}}